[{"@context":"https:\/\/schema.org\/","@type":"Blog","@id":"https:\/\/www.milna.sk#Blog","headline":"Milna","description":"\nSviatok \u010di piatok, nede\u013ea, \u010di pondelok. Na najnov\u0161ie aktuality nezab\u00fadame ani jeden de\u0148 v roku. N\u00e1\u0161 webov\u00fd magaz\u00edn m\u00f4\u017eete preto \u010d\u00edta\u0165 bez prest\u00e1vky","url":"https:\/\/www.milna.sk","hasPart":[{"@type":"Article","@id":"https:\/\/www.milna.sk\/vytrtkaj-to-z-hlavy\/","headline":"Vytrtkaj to z hlavy","url":"https:\/\/www.milna.sk\/vytrtkaj-to-z-hlavy\/","datePublished":"2022-10-05","dateModified":"2022-10-05","mainEntityOfPage":"https:\/\/www.milna.sk\/vytrtkaj-to-z-hlavy\/","author":{"@type":"Person","@id":"https:\/\/www.milna.sk\/author\/#Person","name":"","url":"https:\/\/www.milna.sk\/author\/","identifier":1,"image":{"@type":"ImageObject","@id":"https:\/\/secure.gravatar.com\/avatar\/4006af731f458a56e90e1a4ecbb37f08f11b51b80cb9267b6a6e5547922ff49d?s=96&d=mm&r=g","url":"https:\/\/secure.gravatar.com\/avatar\/4006af731f458a56e90e1a4ecbb37f08f11b51b80cb9267b6a6e5547922ff49d?s=96&d=mm&r=g","height":96,"width":96}},"publisher":{"@type":"Organization","name":"milna.sk","logo":{"@type":"ImageObject","@id":"\/logo.png","url":"\/logo.png","width":600,"height":60}},"image":{"@type":"ImageObject","@id":"https:\/\/www.milna.sk\/wp-content\/uploads\/maiden-gf3c2d1313_1920.jpg","url":"https:\/\/www.milna.sk\/wp-content\/uploads\/maiden-gf3c2d1313_1920.jpg","height":0,"width":0},"wordCount":590,"keywords":null},{"@type":"Article","@id":"https:\/\/www.milna.sk\/moznosti-rozvozu-jedla-v-bratislave\/","headline":"Mo\u017enosti rozvozu jedla v Bratislave","url":"https:\/\/www.milna.sk\/moznosti-rozvozu-jedla-v-bratislave\/","datePublished":"2022-08-29","dateModified":"2022-08-29","mainEntityOfPage":"https:\/\/www.milna.sk\/moznosti-rozvozu-jedla-v-bratislave\/","author":{"@type":"Person","@id":"https:\/\/www.milna.sk\/author\/#Person","name":"","url":"https:\/\/www.milna.sk\/author\/","identifier":1,"image":{"@type":"ImageObject","@id":"https:\/\/secure.gravatar.com\/avatar\/4006af731f458a56e90e1a4ecbb37f08f11b51b80cb9267b6a6e5547922ff49d?s=96&d=mm&r=g","url":"https:\/\/secure.gravatar.com\/avatar\/4006af731f458a56e90e1a4ecbb37f08f11b51b80cb9267b6a6e5547922ff49d?s=96&d=mm&r=g","height":96,"width":96}},"publisher":{"@type":"Organization","name":"milna.sk","logo":{"@type":"ImageObject","@id":"\/logo.png","url":"\/logo.png","width":600,"height":60}},"image":{"@type":"ImageObject","@id":"https:\/\/www.milna.sk\/wp-content\/uploads\/rozvoz%20jedla.jpg","url":"https:\/\/www.milna.sk\/wp-content\/uploads\/rozvoz%20jedla.jpg","height":0,"width":0},"wordCount":567,"keywords":null},{"@type":"Article","@id":"https:\/\/www.milna.sk\/modny-doplnok-siltovka\/","headline":"M\u00f3dny doplnok \u0161iltovka","url":"https:\/\/www.milna.sk\/modny-doplnok-siltovka\/","datePublished":"2022-08-20","dateModified":"2022-08-20","mainEntityOfPage":"https:\/\/www.milna.sk\/modny-doplnok-siltovka\/","author":{"@type":"Person","@id":"https:\/\/www.milna.sk\/author\/#Person","name":"","url":"https:\/\/www.milna.sk\/author\/","identifier":1,"image":{"@type":"ImageObject","@id":"https:\/\/secure.gravatar.com\/avatar\/4006af731f458a56e90e1a4ecbb37f08f11b51b80cb9267b6a6e5547922ff49d?s=96&d=mm&r=g","url":"https:\/\/secure.gravatar.com\/avatar\/4006af731f458a56e90e1a4ecbb37f08f11b51b80cb9267b6a6e5547922ff49d?s=96&d=mm&r=g","height":96,"width":96}},"publisher":{"@type":"Organization","name":"milna.sk","logo":{"@type":"ImageObject","@id":"\/logo.png","url":"\/logo.png","width":600,"height":60}},"image":{"@type":"ImageObject","@id":"https:\/\/www.milna.sk\/wp-content\/uploads\/BdpktkpTURBXy9hODc1MTIzOWQ4Yzg4NzlhM2QwMWNmZjIyODEyNWU3Yy5qcGeSlQMAzIXNEKPNCVuVAs0H0ADCww.jpg","url":"https:\/\/www.milna.sk\/wp-content\/uploads\/BdpktkpTURBXy9hODc1MTIzOWQ4Yzg4NzlhM2QwMWNmZjIyODEyNWU3Yy5qcGeSlQMAzIXNEKPNCVuVAs0H0ADCww.jpg","height":0,"width":0},"wordCount":613,"keywords":null},{"@type":"Article","@id":"https:\/\/www.milna.sk\/upratovaci-servis-grant\/","headline":"Upratovac\u00ed servis GRANT","url":"https:\/\/www.milna.sk\/upratovaci-servis-grant\/","datePublished":"2022-08-20","dateModified":"2022-08-20","mainEntityOfPage":"https:\/\/www.milna.sk\/upratovaci-servis-grant\/","author":{"@type":"Person","@id":"https:\/\/www.milna.sk\/author\/#Person","name":"","url":"https:\/\/www.milna.sk\/author\/","identifier":1,"image":{"@type":"ImageObject","@id":"https:\/\/secure.gravatar.com\/avatar\/4006af731f458a56e90e1a4ecbb37f08f11b51b80cb9267b6a6e5547922ff49d?s=96&d=mm&r=g","url":"https:\/\/secure.gravatar.com\/avatar\/4006af731f458a56e90e1a4ecbb37f08f11b51b80cb9267b6a6e5547922ff49d?s=96&d=mm&r=g","height":96,"width":96}},"publisher":{"@type":"Organization","name":"milna.sk","logo":{"@type":"ImageObject","@id":"\/logo.png","url":"\/logo.png","width":600,"height":60}},"image":{"@type":"ImageObject","@id":"https:\/\/www.milna.sk\/wp-content\/uploads\/vacuum-cleaner-268179_1920.jpg","url":"https:\/\/www.milna.sk\/wp-content\/uploads\/vacuum-cleaner-268179_1920.jpg","height":0,"width":0},"wordCount":594,"keywords":null},{"@type":"Article","@id":"https:\/\/www.milna.sk\/sauna-ako-predohra-urcite-ano\/","headline":"Sauna ako predohra? Ur\u010dite \u00e1no!","url":"https:\/\/www.milna.sk\/sauna-ako-predohra-urcite-ano\/","datePublished":"2022-08-15","dateModified":"2022-08-15","mainEntityOfPage":"https:\/\/www.milna.sk\/sauna-ako-predohra-urcite-ano\/","author":{"@type":"Person","@id":"https:\/\/www.milna.sk\/author\/#Person","name":"","url":"https:\/\/www.milna.sk\/author\/","identifier":1,"image":{"@type":"ImageObject","@id":"https:\/\/secure.gravatar.com\/avatar\/4006af731f458a56e90e1a4ecbb37f08f11b51b80cb9267b6a6e5547922ff49d?s=96&d=mm&r=g","url":"https:\/\/secure.gravatar.com\/avatar\/4006af731f458a56e90e1a4ecbb37f08f11b51b80cb9267b6a6e5547922ff49d?s=96&d=mm&r=g","height":96,"width":96}},"publisher":{"@type":"Organization","name":"milna.sk","logo":{"@type":"ImageObject","@id":"\/logo.png","url":"\/logo.png","width":600,"height":60}},"image":{"@type":"ImageObject","@id":"https:\/\/www.milna.sk\/wp-content\/uploads\/flower-1884161__340.jpg","url":"https:\/\/www.milna.sk\/wp-content\/uploads\/flower-1884161__340.jpg","height":0,"width":0},"wordCount":603,"keywords":null},{"@type":"Article","@id":"https:\/\/www.milna.sk\/cistenie-kanalizacii\/","headline":"\u010cistenie kanaliz\u00e1ci\u00ed","url":"https:\/\/www.milna.sk\/cistenie-kanalizacii\/","datePublished":"2022-08-03","dateModified":"2022-08-03","mainEntityOfPage":"https:\/\/www.milna.sk\/cistenie-kanalizacii\/","author":{"@type":"Person","@id":"https:\/\/www.milna.sk\/author\/#Person","name":"","url":"https:\/\/www.milna.sk\/author\/","identifier":1,"image":{"@type":"ImageObject","@id":"https:\/\/secure.gravatar.com\/avatar\/4006af731f458a56e90e1a4ecbb37f08f11b51b80cb9267b6a6e5547922ff49d?s=96&d=mm&r=g","url":"https:\/\/secure.gravatar.com\/avatar\/4006af731f458a56e90e1a4ecbb37f08f11b51b80cb9267b6a6e5547922ff49d?s=96&d=mm&r=g","height":96,"width":96}},"publisher":{"@type":"Organization","name":"milna.sk","logo":{"@type":"ImageObject","@id":"\/logo.png","url":"\/logo.png","width":600,"height":60}},"image":{"@type":"ImageObject","@id":"https:\/\/www.milna.sk\/wp-content\/uploads\/pipe-gea153db01_640.jpg","url":"https:\/\/www.milna.sk\/wp-content\/uploads\/pipe-gea153db01_640.jpg","height":0,"width":0},"wordCount":615,"keywords":null},{"@type":"Article","@id":"https:\/\/www.milna.sk\/spolocnosti-na-predaj\/","headline":"Spolo\u010dnosti na predaj","url":"https:\/\/www.milna.sk\/spolocnosti-na-predaj\/","datePublished":"2022-07-22","dateModified":"2022-07-22","mainEntityOfPage":"https:\/\/www.milna.sk\/spolocnosti-na-predaj\/","author":{"@type":"Person","@id":"https:\/\/www.milna.sk\/author\/#Person","name":"","url":"https:\/\/www.milna.sk\/author\/","identifier":1,"image":{"@type":"ImageObject","@id":"https:\/\/secure.gravatar.com\/avatar\/4006af731f458a56e90e1a4ecbb37f08f11b51b80cb9267b6a6e5547922ff49d?s=96&d=mm&r=g","url":"https:\/\/secure.gravatar.com\/avatar\/4006af731f458a56e90e1a4ecbb37f08f11b51b80cb9267b6a6e5547922ff49d?s=96&d=mm&r=g","height":96,"width":96}},"publisher":{"@type":"Organization","name":"milna.sk","logo":{"@type":"ImageObject","@id":"\/logo.png","url":"\/logo.png","width":600,"height":60}},"image":{"@type":"ImageObject","@id":"https:\/\/www.milna.sk\/wp-content\/uploads\/fasdfsd.jpg","url":"https:\/\/www.milna.sk\/wp-content\/uploads\/fasdfsd.jpg","height":0,"width":0},"wordCount":624,"keywords":null},{"@type":"Article","@id":"https:\/\/www.milna.sk\/vtlacit-fotografie-dokazete-dnes-aj-z-postele\/","headline":"Vtla\u010di\u0165 fotografie dok\u00e1\u017eete dnes aj z postele.","url":"https:\/\/www.milna.sk\/vtlacit-fotografie-dokazete-dnes-aj-z-postele\/","datePublished":"2022-07-22","dateModified":"2022-07-22","mainEntityOfPage":"https:\/\/www.milna.sk\/vtlacit-fotografie-dokazete-dnes-aj-z-postele\/","author":{"@type":"Person","@id":"https:\/\/www.milna.sk\/author\/#Person","name":"","url":"https:\/\/www.milna.sk\/author\/","identifier":1,"image":{"@type":"ImageObject","@id":"https:\/\/secure.gravatar.com\/avatar\/4006af731f458a56e90e1a4ecbb37f08f11b51b80cb9267b6a6e5547922ff49d?s=96&d=mm&r=g","url":"https:\/\/secure.gravatar.com\/avatar\/4006af731f458a56e90e1a4ecbb37f08f11b51b80cb9267b6a6e5547922ff49d?s=96&d=mm&r=g","height":96,"width":96}},"publisher":{"@type":"Organization","name":"milna.sk","logo":{"@type":"ImageObject","@id":"\/logo.png","url":"\/logo.png","width":600,"height":60}},"image":{"@type":"ImageObject","@id":"https:\/\/www.milna.sk\/wp-content\/uploads\/smartf%C3%B3n.jpg","url":"https:\/\/www.milna.sk\/wp-content\/uploads\/smartf%C3%B3n.jpg","height":0,"width":0},"wordCount":540,"keywords":null},{"@type":"Article","@id":"https:\/\/www.milna.sk\/okna-dokoran-a-v-hlinikovej-konstrukcii\/","headline":"Okn\u00e1 dokor\u00e1n a v hlin\u00edkovej kon\u0161trukcii","url":"https:\/\/www.milna.sk\/okna-dokoran-a-v-hlinikovej-konstrukcii\/","datePublished":"2022-07-22","dateModified":"2022-07-22","mainEntityOfPage":"https:\/\/www.milna.sk\/okna-dokoran-a-v-hlinikovej-konstrukcii\/","author":{"@type":"Person","@id":"https:\/\/www.milna.sk\/author\/#Person","name":"","url":"https:\/\/www.milna.sk\/author\/","identifier":1,"image":{"@type":"ImageObject","@id":"https:\/\/secure.gravatar.com\/avatar\/4006af731f458a56e90e1a4ecbb37f08f11b51b80cb9267b6a6e5547922ff49d?s=96&d=mm&r=g","url":"https:\/\/secure.gravatar.com\/avatar\/4006af731f458a56e90e1a4ecbb37f08f11b51b80cb9267b6a6e5547922ff49d?s=96&d=mm&r=g","height":96,"width":96}},"publisher":{"@type":"Organization","name":"milna.sk","logo":{"@type":"ImageObject","@id":"\/logo.png","url":"\/logo.png","width":600,"height":60}},"image":{"@type":"ImageObject","@id":"https:\/\/www.milna.sk\/wp-content\/uploads\/pexels-mikhail-nilov-8120948.jpg","url":"https:\/\/www.milna.sk\/wp-content\/uploads\/pexels-mikhail-nilov-8120948.jpg","height":0,"width":0},"wordCount":495,"keywords":null},{"@type":"Article","@id":"https:\/\/www.milna.sk\/sklenene-dvere-si-najdu-miesto-v-kazdej-modernej-stavbe\/","headline":"Sklenen\u00e9 dvere si n\u00e1jdu miesto v ka\u017edej modernej stavbe","url":"https:\/\/www.milna.sk\/sklenene-dvere-si-najdu-miesto-v-kazdej-modernej-stavbe\/","datePublished":"2022-07-15","dateModified":"2023-10-17","mainEntityOfPage":"https:\/\/www.milna.sk\/sklenene-dvere-si-najdu-miesto-v-kazdej-modernej-stavbe\/","author":{"@type":"Person","@id":"https:\/\/www.milna.sk\/author\/#Person","name":"","url":"https:\/\/www.milna.sk\/author\/","identifier":1,"image":{"@type":"ImageObject","@id":"https:\/\/secure.gravatar.com\/avatar\/4006af731f458a56e90e1a4ecbb37f08f11b51b80cb9267b6a6e5547922ff49d?s=96&d=mm&r=g","url":"https:\/\/secure.gravatar.com\/avatar\/4006af731f458a56e90e1a4ecbb37f08f11b51b80cb9267b6a6e5547922ff49d?s=96&d=mm&r=g","height":96,"width":96}},"publisher":{"@type":"Organization","name":"milna.sk","logo":{"@type":"ImageObject","@id":"\/logo.png","url":"\/logo.png","width":600,"height":60}},"image":{"@type":"ImageObject","@id":"https:\/\/www.milna.sk\/wp-content\/uploads\/sklenen%C3%A9%20dvere%20(13).jpg","url":"https:\/\/www.milna.sk\/wp-content\/uploads\/sklenen%C3%A9%20dvere%20(13).jpg","height":0,"width":0},"wordCount":530,"keywords":null}]},{"@context":"https:\/\/schema.org","@type":"WebSite","@id":"https:\/\/www.milna.sk\/#website","name":"Milna","url":"https:\/\/www.milna.sk","potentialAction":{"@type":"SearchAction","target":"https:\/\/www.milna.sk\/?s={search_term_string}","query-input":"required name=search_term_string"}}]