[{"@context":"https:\/\/schema.org\/","@type":"Article","@id":"https:\/\/www.milna.sk\/manzelka\/#Article","mainEntityOfPage":"https:\/\/www.milna.sk\/manzelka\/","headline":"Man\u017eelka","name":"Man\u017eelka","description":"Sme s man\u017eelkou 20 rokov \u2013 10 rokov chodenia 10 rokov man\u017eelia. Stretli som sa mlad\u00ed. Stredn\u00e1 \u0161kola, V\u0160 prv\u00e1 &hellip; ","datePublished":"2023-04-22","dateModified":"2024-03-22","author":{"@type":"Person","@id":"https:\/\/www.milna.sk\/author\/#Person","name":"","url":"https:\/\/www.milna.sk\/author\/","identifier":1,"image":{"@type":"ImageObject","@id":"https:\/\/secure.gravatar.com\/avatar\/4006af731f458a56e90e1a4ecbb37f08f11b51b80cb9267b6a6e5547922ff49d?s=96&d=mm&r=g","url":"https:\/\/secure.gravatar.com\/avatar\/4006af731f458a56e90e1a4ecbb37f08f11b51b80cb9267b6a6e5547922ff49d?s=96&d=mm&r=g","height":96,"width":96}},"publisher":{"@type":"Organization","name":"milna.sk","logo":{"@type":"ImageObject","@id":"\/logo.png","url":"\/logo.png","width":600,"height":60}},"image":{"@type":"ImageObject","@id":"https:\/\/www.milna.sk\/wp-content\/uploads\/pexels-pixabay-414006_1.jpg","url":"https:\/\/www.milna.sk\/wp-content\/uploads\/pexels-pixabay-414006_1.jpg","height":0,"width":0},"url":"https:\/\/www.milna.sk\/manzelka\/","about":["Spolo\u010dnos\u0165"],"wordCount":442,"articleBody":"Sme s man\u017eelkou 20 rokov \u2013 10 rokov chodenia 10 rokov man\u017eelia. Stretli som sa mlad\u00ed. Stredn\u00e1 \u0161kola, V\u0160 prv\u00e1 pr\u00e1ca a ne\u017e sa \u010dlovek postav\u00ed na vlastn\u00e9 nohy. Vz\u0165ah bol pod\u013ea m\u00f4jho bezprobl\u00e9mov\u00fd, do nejak\u00fdch 10 rokov vz\u0165ahu asi 3 mesiace po zasn\u00faben\u00ed mi povedala \u017ee si chce da\u0165 pauzu na chv\u00ed\u013eu aby si ujasnila \u010di je to to \u010do naozaj chce. Budu spolu st\u00e1le chodi\u0165 ale nebudu sa mesiac v\u00edda\u0165. Nech\u00e1pal som ale ni\u010d in\u00e9 som na v\u00fdber nemal po\u010das toho mi nasadila parohy a potom teda \u017ee sa ku mne chce vr\u00e1ti\u0165 \u017ee jej ch\u00fdbam at\u010f. S\u00fahlasil som preto\u017ee som nechcel zahodi\u0165 tak dlh\u00fd vz\u0165ah a mal pre podmienok doty\u010dn\u00e9ho \u00faplne blokova\u0165 a pres\u0165ahova\u0165 sa pre\u010d. Nejak\u00fa dobu som k nej h\u013eadal sp\u00e4\u0165 straten\u00fa d\u00f4veru. Zaobstarali som si b\u00fdvanie, zariadili ho a stihli aj splati\u0165. Ka\u017ed\u00fd rok som jazdili na r\u00f4zne pred\u013a\u017een\u00e9 v\u00edkendy a raz ro\u010dne k moru a na hory. Poslednou dobou som uva\u017eovali \u017ee u\u017e by bolo dobr\u00e9 si zaobstara\u0165 drobca. Ale posledn\u00e9 3 mesiace sa mi zdala in\u00e1 upon\u00e1h\u013ean\u00e1, roztr\u017eit\u00e1, ni\u010d nest\u00edhala. A posledn\u00fd mesiac trochu \u013eadov\u00fd \u0148uf\u00e1k, st\u00e1le na telef\u00f3ne alebo na pive pri kamar\u00e1tke. Jedn\u00e9ho r\u00e1na mi uhla hlavou ke\u010f som jej chcel da\u0165 pusu. Tak som sa p\u00fdtal \u010do sa ako deje nech mi to povie \u017ee sme spolu u\u017e stra\u0161ne dlho a \u017ee sa mu\u017eom bavi\u0165 \u00faplne o \u010domko\u013evek. Nechcela s t\u00fdm, \u017ee to nie je vhodn\u00e1 doba. Po mojom naliehan\u00ed \u017ee vhodn\u00e1 doba nie je nikdy ju vyh\u0155kli slzy do o\u010d\u00ed a \u017ee sa boj\u00ed \u017ee mi stra\u0161ne ubl\u00ed\u017ei. To u\u017e som pomaly tu\u0161il, \u017ee je zle. Ozn\u00e1mila mi \u017ee si na\u0161la priate\u013eku (t\u00fa ku ktorej chodila na pivo) a \u017ee je medzi nami koniec \u017ee sa sn\u00edva c\u00edti skvele a \u017ee tomu vz\u0165ahu chce da\u0165 \u0161ancu. Absol\u00fatne toto nedok\u00e1\u017eem pochopi\u0165! Ke\u010f som sa p\u00fdtal \u010do je teda zle alebo \u010do? Tak mi bolo povedan\u00e9, \u017ee jej v na\u0161om vz\u0165ahu nie\u010do ch\u00fdbalo, \u017ee ni\u010d neh\u013eadala a \u017ee nech\u00e1pe, \u017ee to na\u0161la u \u017eeny, \u017ee si ako lesba nepr\u00edde. Na ot\u00e1zku \u010do jej ch\u00fdbalo, mi ozn\u00e1mila \u017ee sem sa sn\u00edva m\u00e1lo rozpr\u00e1val o mojich vn\u00fatorn\u00fdch pocitoch (neviem asi nem\u00e1m hlad, sm\u00e4d?) \u017ee som jej nehovoril \u017ee ju milujem.                                                                                                                                                                                                                                                                                                                                                                                        4\/5 - (11 votes)        "},{"@context":"https:\/\/schema.org\/","@type":"BreadcrumbList","itemListElement":[{"@type":"ListItem","position":1,"name":"Man\u017eelka","item":"https:\/\/www.milna.sk\/manzelka\/#breadcrumbitem"}]}]